{"id":4003,"date":"2026-04-28T11:28:33","date_gmt":"2026-04-28T11:28:33","guid":{"rendered":"https:\/\/fnews06.org\/?p=4003"},"modified":"2026-04-28T11:28:33","modified_gmt":"2026-04-28T11:28:33","slug":"nuk-u-ndane-pas-kamerave-mateo-dhe-brikena-kapen-serish-bashke","status":"publish","type":"post","link":"https:\/\/fnews06.org\/?p=4003","title":{"rendered":"Nuk u ndan\u00eb pas kamerave? Mateo dhe Brikena \u201ckapen\u201d s\u00ebrish bashk\u00eb"},"content":{"rendered":"<div class=\"td_block_wrap tdb_title tdi_195 tdb-single-title td-pb-border-top td_block_template_1\" data-td-block-uid=\"tdi_195\">\n<div class=\"tdb-block-inner td-fix-index\">\n<h1 class=\"tdb-title-text\">Nuk u ndan\u00eb pas kamerave? Mateo dhe Brikena \u201ckapen\u201d s\u00ebrish bashk\u00eb<\/h1>\n<div><\/div>\n<\/div>\n<\/div>\n<div class=\"vc_row_inner tdi_197  vc_row vc_inner wpb_row td-pb-row\">\n<div class=\"vc_column_inner tdi_199  wpb_column vc_column_container tdc-inner-column td-pb-span12\">\n<div class=\"vc_column-inner\">\n<div class=\"wpb_wrapper\">\n<div class=\"td_block_wrap tdb_single_author tdi_200 td-pb-border-top td_block_template_1 tdb-post-meta\" data-td-block-uid=\"tdi_200\"><\/div>\n<div class=\"td_block_wrap tdb_single_post_share tdi_202  td-pb-border-top td_block_template_1\" data-td-block-uid=\"tdi_202\">\n<div id=\"tdi_202\" class=\"td-post-sharing tdb-block td-ps-dark-bg td-ps-notext td-post-sharing-style14 \">\n<div class=\"td-post-sharing-visible\">\n<div class=\"td-social-but-icon\"><\/div>\n<div class=\"td-social-but-icon\"><\/div>\n<div class=\"td-social-but-icon\"><\/div>\n<div class=\"td-social-but-icon\"><\/div>\n<\/div>\n<\/div>\n<\/div>\n<\/div>\n<\/div>\n<\/div>\n<\/div>\n<div class=\"vc_row_inner tdi_204  vc_row vc_inner wpb_row td-pb-row\"><\/div>\n<div class=\"td_block_wrap tdb_single_content tdi_207 td-pb-border-top td_block_template_1 td-post-content tagdiv-type\" data-td-block-uid=\"tdi_207\">\n<div class=\"tdb-block-inner td-fix-index\">\n<div class=\"td-a-ad id_top_ad \"><center><ins class=\"adsbygoogle\" data-ad-client=\"ca-pub-4265831956113108\" data-ad-slot=\"7819183915\" data-ad-format=\"auto\" data-full-width-responsive=\"true\" data-page-url=\"https:\/\/infokosova.org\/\" data-adsbygoogle-status=\"done\" data-ad-status=\"filled\"><\/p>\n<div id=\"aswift_0_host\"><\/div>\n<p><\/ins><\/center><\/div>\n<p><strong>Kan\u00eb kaluar vet\u00ebm pak dit\u00eb nga p\u00ebrfundimi i edicionit t\u00eb pest\u00eb t\u00eb \u201cBig Brother VIP Albania\u201d, por v\u00ebmendja ndaj ish-banor\u00ebve vijon t\u00eb mbetet e lart\u00eb n\u00eb rrjetet sociale dhe media roz\u00eb.<\/strong><\/p>\n<p>Nj\u00eb nga \u00e7iftet m\u00eb t\u00eb p\u00ebrfolura t\u00eb k\u00ebtij sezoni, Mateo Borri dhe Brikena Selmani, duket se po e vazhdojn\u00eb marr\u00ebdh\u00ebnien e tyre edhe pas daljes nga sht\u00ebpia e famshme.<\/p>\n<div class=\"adflex-ad-wrap\" data-slot=\"pos2\">\n<div id=\"118709-2\">\n<div id=\"sas_26300\">\n<div>\n<div><\/div>\n<\/div>\n<\/div>\n<\/div>\n<\/div>\n<p>Dyshja, e cila u afrua gjat\u00eb q\u00ebndrimit n\u00eb format, \u00ebsht\u00eb par\u00eb s\u00eb fundmi duke kaluar koh\u00eb s\u00eb bashku jasht\u00eb kamerave, duke konfirmuar n\u00eb m\u00ebnyr\u00eb indirekte se raporti i tyre nuk ka mbetur vet\u00ebm brenda loj\u00ebs.<\/p>\n<div class=\"google-auto-placed ap_container\"><ins class=\"adsbygoogle adsbygoogle-noablate\" data-ad-format=\"auto\" data-ad-client=\"ca-pub-4265831956113108\" data-adsbygoogle-status=\"done\" data-ad-status=\"unfilled\"><\/p>\n<div id=\"aswift_3_host\"><\/div>\n<p><\/ins><\/div>\n<p>N\u00eb pamjet q\u00eb kan\u00eb qarkulluar n\u00eb rrjete sociale, Mateo dhe Brikena shfaqen t\u00eb qeshur dhe t\u00eb relaksuar, teksa ndodhen n\u00eb makin\u00eb, duke shijuar momente t\u00eb qeta n\u00eb shoq\u00ebrin\u00eb e nj\u00ebri-tjetrit.<\/p>\n<div class=\"adflex-ad-wrap\" data-slot=\"pos3\">\n<div id=\"118709-19\">\n<div id=\"sas_26711\">\n<div>\n<div><\/div>\n<\/div>\n<\/div>\n<\/div>\n<\/div>\n<p>Kjo dalje e tyre ka t\u00ebrhequr menj\u00ebher\u00eb v\u00ebmendjen e fansave, t\u00eb cil\u00ebt prej koh\u00ebsh spekulonin p\u00ebr vijim\u00ebsin\u00eb e lidhjes s\u00eb tyre pas reality show-t.<\/p>\n<div class=\"wp-video\">\n<div class=\"vam-video-wrapper\" data-adcfg=\"{&quot;pre_roll&quot;:{&quot;d&quot;:&quot;320x270&quot;,&quot;t&quot;:&quot;100&quot;,&quot;disable_x&quot;:&quot;1&quot;},&quot;mid_roll&quot;:{&quot;d&quot;:&quot;320x270&quot;,&quot;t&quot;:&quot;100&quot;,&quot;disable_x&quot;:&quot;1&quot;},&quot;end_roll&quot;:{&quot;d&quot;:&quot;320x270&quot;,&quot;t&quot;:&quot;100&quot;,&quot;disable_x&quot;:&quot;1&quot;},&quot;top_banner&quot;:{&quot;d&quot;:&quot;300x40&quot;,&quot;t&quot;:&quot;100&quot;,&quot;disable_x&quot;:&quot;1&quot;},&quot;bottom_banner&quot;:{&quot;d&quot;:&quot;300x40&quot;,&quot;t&quot;:&quot;100&quot;,&quot;disable_x&quot;:&quot;1&quot;}}\">\n<div class=\"vam-player-inner\">\n<div class=\"plyr plyr--full-ui plyr--video plyr--html5 plyr--fullscreen-enabled plyr--paused plyr--stopped plyr--pip-supported\">\n<div class=\"plyr__controls\"><\/div>\n<div class=\"plyr__video-wrapper\"><video id=\"vam-player-23ab6ee2678708855c12a75952d182b7\" class=\"vam-player\" width=\"300\" height=\"150\" data-mce-fragment=\"1\"><\/video><\/p>\n<div class=\"plyr__poster\"><\/div>\n<\/div>\n<\/div>\n<div class=\"vam-center-play-btn\"><\/div>\n<\/div>\n<\/div>\n<\/div>\n<div class=\"adflex-ad-wrap\" data-slot=\"pos4\">\n<div id=\"118709-28\"><\/div>\n<\/div>\n<\/div>\n<\/div>\n","protected":false},"excerpt":{"rendered":"<p>Nuk u ndan\u00eb pas kamerave? Mateo dhe Brikena \u201ckapen\u201d s\u00ebrish bashk\u00eb Kan\u00eb kaluar vet\u00ebm pak dit\u00eb nga p\u00ebrfundimi i edicionit t\u00eb pest\u00eb t\u00eb \u201cBig Brother VIP Albania\u201d, por v\u00ebmendja ndaj ish-banor\u00ebve vijon t\u00eb mbetet e lart\u00eb n\u00eb rrjetet sociale dhe media roz\u00eb. Nj\u00eb nga \u00e7iftet m\u00eb t\u00eb p\u00ebrfolura t\u00eb k\u00ebtij sezoni, Mateo Borri dhe Brikena [&hellip;]<\/p>\n","protected":false},"author":1,"featured_media":0,"comment_status":"open","ping_status":"open","sticky":false,"template":"","format":"standard","meta":{"footnotes":""},"categories":[1],"tags":[],"class_list":["post-4003","post","type-post","status-publish","format-standard","hentry","category-uncategorized"],"_links":{"self":[{"href":"https:\/\/fnews06.org\/index.php?rest_route=\/wp\/v2\/posts\/4003","targetHints":{"allow":["GET"]}}],"collection":[{"href":"https:\/\/fnews06.org\/index.php?rest_route=\/wp\/v2\/posts"}],"about":[{"href":"https:\/\/fnews06.org\/index.php?rest_route=\/wp\/v2\/types\/post"}],"author":[{"embeddable":true,"href":"https:\/\/fnews06.org\/index.php?rest_route=\/wp\/v2\/users\/1"}],"replies":[{"embeddable":true,"href":"https:\/\/fnews06.org\/index.php?rest_route=%2Fwp%2Fv2%2Fcomments&post=4003"}],"version-history":[{"count":1,"href":"https:\/\/fnews06.org\/index.php?rest_route=\/wp\/v2\/posts\/4003\/revisions"}],"predecessor-version":[{"id":4004,"href":"https:\/\/fnews06.org\/index.php?rest_route=\/wp\/v2\/posts\/4003\/revisions\/4004"}],"wp:attachment":[{"href":"https:\/\/fnews06.org\/index.php?rest_route=%2Fwp%2Fv2%2Fmedia&parent=4003"}],"wp:term":[{"taxonomy":"category","embeddable":true,"href":"https:\/\/fnews06.org\/index.php?rest_route=%2Fwp%2Fv2%2Fcategories&post=4003"},{"taxonomy":"post_tag","embeddable":true,"href":"https:\/\/fnews06.org\/index.php?rest_route=%2Fwp%2Fv2%2Ftags&post=4003"}],"curies":[{"name":"wp","href":"https:\/\/api.w.org\/{rel}","templated":true}]}}