{"id":4001,"date":"2026-04-28T11:26:08","date_gmt":"2026-04-28T11:26:08","guid":{"rendered":"https:\/\/fnews06.org\/?p=4001"},"modified":"2026-04-28T11:26:08","modified_gmt":"2026-04-28T11:26:08","slug":"selin-con-rogertin-ne-gjyq-por-situata-del-jashte-kontrollit-pretendohet-per-kercenime-serioze-cfare-po-ndodh-mes-tyre","status":"publish","type":"post","link":"https:\/\/fnews06.org\/?p=4001","title":{"rendered":"Selin \u00e7on Rogertin n\u00eb gjyq, por situata del jasht\u00eb kontrollit?! Pretendohet p\u00ebr k\u00ebrc\u00ebnime serioze \u2013 \u00e7far\u00eb po ndodh mes tyre!"},"content":{"rendered":"<h1><\/h1>\n<div class=\"featured\"><img loading=\"lazy\" decoding=\"async\" class=\"attachment-large size-large\" src=\"https:\/\/9plusfun.com\/web\/wp-content\/uploads\/2026\/04\/39BDB60C-8C16-4726-8B7E-83481C5C82B6.jpeg\" sizes=\"auto, (max-width: 820px) 100vw, 820px\" srcset=\"https:\/\/9plusfun.com\/web\/wp-content\/uploads\/2026\/04\/39BDB60C-8C16-4726-8B7E-83481C5C82B6.jpeg 1024w, https:\/\/9plusfun.com\/web\/wp-content\/uploads\/2026\/04\/39BDB60C-8C16-4726-8B7E-83481C5C82B6-300x169.jpeg 300w, https:\/\/9plusfun.com\/web\/wp-content\/uploads\/2026\/04\/39BDB60C-8C16-4726-8B7E-83481C5C82B6-768x432.jpeg 768w\" alt=\"\" width=\"820\" height=\"461\" \/><\/div>\n<div class=\"entry\">\n<p><strong>Drama mes tyre duket se nuk ka fund! E ftuar mbr\u00ebm\u00eb n\u00eb \u201cGoca dhe Gra\u201d, Selin Bollati nuk i ka kursyer fjal\u00ebt p\u00ebr videon e Rogert Sterkajt, i cili vazhdon t\u00eb performoj\u00eb k\u00ebng\u00ebn e famshme q\u00eb i dedikoi asaj n\u00eb sht\u00ebpi.<\/strong><\/p>\n<p>A do ta shohim dyshen n\u00eb dyert e gjykatave? Selin thot\u00eb jo, por mesazhi i saj ishte i qart\u00eb: \u201cTek pjata ime, un\u00eb ha n\u00eb emrin e Selin, nd\u00ebrsa Rogerti paska d\u00ebshir\u00eb t\u00eb ec\u00eb me emrin tim.\u201d<\/p>\n<div class=\"code-block code-block-2\">\n<div id=\"div-gpt-ad-1775940177300-0\" data-google-query-id=\"CPKr2Ou3kJQDFfKxgwcdlKUyWg\">\n<div id=\"google_ads_iframe_\/23073056696\/incontent_1__container__\"><\/div>\n<\/div>\n<\/div>\n<p>&nbsp;<\/p>\n<p>Ndon\u00ebse rrethi i saj i ngusht\u00eb e ka k\u00ebshilluar ta hedh\u00eb n\u00eb gjyq p\u00ebr shfryt\u00ebzimin e emrit, ish-banorja ka vendosur t\u2019ia l\u00ebr\u00eb drejt\u00ebsin\u00eb n\u00eb dor\u00eb t\u00eb Zotit.<\/p>\n<p>\u200bPo a ia ndjeu fare Rogertit p\u00ebr k\u00ebt\u00eb paralajm\u00ebrim? As pak! N\u00eb vend q\u00eb t\u00eb t\u00ebrhiqej, ish-konkurrenti tregoi nj\u00eb shp\u00ebrfillje totale<\/p>\n<p>Nga nj\u00eb resort luksoz, duke na ekspozuar or\u00ebn e shtrenjt\u00eb dhe duke shijuar pushimet, ai ka hedhur sot nj\u00eb tjet\u00ebr video ku k\u00ebndon vargjet e modifikuara: \u201cAlla ja Selina, alla ja Dubai, alla ja Khalifa\u201d.<br \/>\nDuke e quajtur nj\u00eb \u201cbomb\u00eb\u201d, ai po e shfryt\u00ebzon n\u00eb maksimum gjith\u00eb k\u00ebt\u00eb zhurm\u00eb mediatike p\u00ebr t\u00eb paralajm\u00ebruar at\u00eb q\u00eb e quan hitin e viti<\/p>\n<p>Me sa duket, loja me emrin e Selin\u00ebs \u00ebsht\u00eb kthyer n\u00eb strategjin\u00eb perfekte t\u00eb marketingut p\u00ebr projektet e tij t\u00eb reja muzikore!<\/p>\n<\/div>\n","protected":false},"excerpt":{"rendered":"<p>Drama mes tyre duket se nuk ka fund! E ftuar mbr\u00ebm\u00eb n\u00eb \u201cGoca dhe Gra\u201d, Selin Bollati nuk i ka kursyer fjal\u00ebt p\u00ebr videon e Rogert Sterkajt, i cili vazhdon t\u00eb performoj\u00eb k\u00ebng\u00ebn e famshme q\u00eb i dedikoi asaj n\u00eb sht\u00ebpi. A do ta shohim dyshen n\u00eb dyert e gjykatave? Selin thot\u00eb jo, por mesazhi [&hellip;]<\/p>\n","protected":false},"author":1,"featured_media":0,"comment_status":"open","ping_status":"open","sticky":false,"template":"","format":"standard","meta":{"footnotes":""},"categories":[1],"tags":[],"class_list":["post-4001","post","type-post","status-publish","format-standard","hentry","category-uncategorized"],"_links":{"self":[{"href":"https:\/\/fnews06.org\/index.php?rest_route=\/wp\/v2\/posts\/4001","targetHints":{"allow":["GET"]}}],"collection":[{"href":"https:\/\/fnews06.org\/index.php?rest_route=\/wp\/v2\/posts"}],"about":[{"href":"https:\/\/fnews06.org\/index.php?rest_route=\/wp\/v2\/types\/post"}],"author":[{"embeddable":true,"href":"https:\/\/fnews06.org\/index.php?rest_route=\/wp\/v2\/users\/1"}],"replies":[{"embeddable":true,"href":"https:\/\/fnews06.org\/index.php?rest_route=%2Fwp%2Fv2%2Fcomments&post=4001"}],"version-history":[{"count":1,"href":"https:\/\/fnews06.org\/index.php?rest_route=\/wp\/v2\/posts\/4001\/revisions"}],"predecessor-version":[{"id":4002,"href":"https:\/\/fnews06.org\/index.php?rest_route=\/wp\/v2\/posts\/4001\/revisions\/4002"}],"wp:attachment":[{"href":"https:\/\/fnews06.org\/index.php?rest_route=%2Fwp%2Fv2%2Fmedia&parent=4001"}],"wp:term":[{"taxonomy":"category","embeddable":true,"href":"https:\/\/fnews06.org\/index.php?rest_route=%2Fwp%2Fv2%2Fcategories&post=4001"},{"taxonomy":"post_tag","embeddable":true,"href":"https:\/\/fnews06.org\/index.php?rest_route=%2Fwp%2Fv2%2Ftags&post=4001"}],"curies":[{"name":"wp","href":"https:\/\/api.w.org\/{rel}","templated":true}]}}