{"id":3989,"date":"2026-04-26T21:21:45","date_gmt":"2026-04-26T21:21:45","guid":{"rendered":"https:\/\/fnews06.org\/?p=3989"},"modified":"2026-04-26T21:21:45","modified_gmt":"2026-04-26T21:21:45","slug":"cfare-po-ndodh-vertet-mes-mirit-dhe-bashkeshortes-fotoja-e-fundit-flet-vete","status":"publish","type":"post","link":"https:\/\/fnews06.org\/?p=3989","title":{"rendered":"\u00c7far\u00eb po ndodh v\u00ebrtet mes Mirit dhe bashk\u00ebshortes? Fotoja e fundit flet vet\u00eb\u2026"},"content":{"rendered":"<header class=\"entry-header-below\">\n<div class=\"entry-meta-below\"><\/div>\n<\/header>\n<div class=\"entry-content\">\n<p>Zhurma dhe aludimet e rrjetit p\u00ebr nj\u00eb krisje n\u00eb martes\u00ebn e Armir Shahinit, pas daljes s\u00eb tij nga sht\u00ebpia e \u201cBBVA 5\u201d? Epo, duket se paskan qen\u00eb thjesht\u2026 zhurm\u00eb!<\/p>\n<div class=\"code-block code-block-1\"><ins class=\"adsbygoogle\" data-ad-client=\"ca-pub-2835235183141860\" data-ad-slot=\"8839852000\" data-ad-format=\"auto\" data-full-width-responsive=\"true\" data-adsbygoogle-status=\"done\" data-ad-status=\"filled\"><\/p>\n<div id=\"aswift_1_host\"><\/div>\n<p><\/ins><\/div>\n<p>Miri i West Side Family dhe bashk\u00ebshortja e tij, Rabea, zgjodh\u00ebn nj\u00eb m\u00ebnyr\u00eb mjaft t\u00eb qet\u00eb dhe t\u00eb \u00ebmb\u00ebl p\u00ebr t\u00eb treguar se si q\u00ebndron e v\u00ebrteta.<\/p>\n<p>Rabea ka udh\u00ebtuar drejt Shqip\u00ebris\u00eb k\u00ebt\u00eb fundjav\u00eb p\u00ebr t\u00eb q\u00ebndruar pran\u00eb artistit, duke d\u00ebshmuar se marr\u00ebdh\u00ebnia e tyre mbetet e q\u00ebndrueshme pavar\u00ebsisht dinamikave q\u00eb krijohen n\u00eb televizion.<\/p>\n<p>P\u00ebrmes nj\u00eb postimi n\u00eb llogarin\u00eb e saj n\u00eb Instagram, ajo ka ndar\u00eb nj\u00eb selfie krah Mirit, ku t\u00eb dy shfaqen t\u00eb qeshur dhe mjaft t\u00eb relaksuar.<\/p>\n<div class=\"code-block code-block-2\"><ins class=\"adsbygoogle\" data-ad-client=\"ca-pub-2835235183141860\" data-ad-slot=\"4595720788\" data-ad-format=\"auto\" data-full-width-responsive=\"true\" data-adsbygoogle-status=\"done\" data-ad-status=\"filled\"><\/p>\n<div id=\"aswift_2_host\"><\/div>\n<p><\/ins><\/div>\n<p>\u201cJu p\u00ebrsh\u00ebndesim\u201d \u2013 ka shkruar Rabea mbi foto, duke e shoq\u00ebruar me nj\u00eb emoji zemre. Por detaji q\u00eb theu heshtjen n\u00eb m\u00ebnyr\u00ebn m\u00eb dometh\u00ebn\u00ebse ishte k\u00ebnga e zgjedhur n\u00eb prapavij\u00eb: hiti i njohur i West Side Family, \u201cN\u00eb krah\u00ebt e tua do jem\u201d. Nj\u00eb tregues i thjesht\u00eb, por i qart\u00eb, i harmonis\u00eb n\u00eb \u00e7ift.<\/p>\n<p><img loading=\"lazy\" decoding=\"async\" class=\"aligncenter size-full wp-image-162559\" src=\"https:\/\/lokimagazine.com\/wp-content\/uploads\/2026\/04\/miri-rabea_story.png\" sizes=\"auto, (max-width: 710px) 100vw, 710px\" srcset=\"https:\/\/lokimagazine.com\/wp-content\/uploads\/2026\/04\/miri-rabea_story.png 710w, https:\/\/lokimagazine.com\/wp-content\/uploads\/2026\/04\/miri-rabea_story-171x300.png 171w, https:\/\/lokimagazine.com\/wp-content\/uploads\/2026\/04\/miri-rabea_story-582x1024.png 582w\" alt=\"\" width=\"710\" height=\"1249\" \/><\/p>\n<p>Kjo fundjav\u00eb bashk\u00eb vjen pak dit\u00eb pasi Miri u detyrua t\u00eb sqaronte \u201cftoht\u00ebsin\u00eb\u201d e perceptuar nga publiku gjat\u00eb dhe pas finales s\u00eb spektaklit.<\/p>\n<p>Artisti e b\u00ebri t\u00eb qart\u00eb se mungesa e bashk\u00ebshortes nuk kishte t\u00eb b\u00ebnte absolutisht me ndonj\u00eb hat\u00ebrmbetje. Si\u00e7 e tha vet\u00eb Miri tro\u00e7: \u201cN\u00eb Gjermani punohet!\u201d. Rabea nuk mund t\u2019i q\u00ebndronte n\u00eb krah n\u00eb \u00e7do moment, thjesht sepse ka profesionin dhe angazhimet e saj t\u00eb p\u00ebrditshme.<\/p>\n<p>Tashm\u00eb q\u00eb ajo gjeti koh\u00ebn p\u00ebr t\u00eb ardhur n\u00eb Tiran\u00eb, dyshja duket se e ka l\u00ebn\u00eb pas gjith\u00eb presionin e formatit.<\/p>\n<\/div>\n","protected":false},"excerpt":{"rendered":"<p>Zhurma dhe aludimet e rrjetit p\u00ebr nj\u00eb krisje n\u00eb martes\u00ebn e Armir Shahinit, pas daljes s\u00eb tij nga sht\u00ebpia e \u201cBBVA 5\u201d? Epo, duket se paskan qen\u00eb thjesht\u2026 zhurm\u00eb! Miri i West Side Family dhe bashk\u00ebshortja e tij, Rabea, zgjodh\u00ebn nj\u00eb m\u00ebnyr\u00eb mjaft t\u00eb qet\u00eb dhe t\u00eb \u00ebmb\u00ebl p\u00ebr t\u00eb treguar se si q\u00ebndron e [&hellip;]<\/p>\n","protected":false},"author":1,"featured_media":0,"comment_status":"open","ping_status":"open","sticky":false,"template":"","format":"standard","meta":{"footnotes":""},"categories":[1],"tags":[],"class_list":["post-3989","post","type-post","status-publish","format-standard","hentry","category-uncategorized"],"_links":{"self":[{"href":"https:\/\/fnews06.org\/index.php?rest_route=\/wp\/v2\/posts\/3989","targetHints":{"allow":["GET"]}}],"collection":[{"href":"https:\/\/fnews06.org\/index.php?rest_route=\/wp\/v2\/posts"}],"about":[{"href":"https:\/\/fnews06.org\/index.php?rest_route=\/wp\/v2\/types\/post"}],"author":[{"embeddable":true,"href":"https:\/\/fnews06.org\/index.php?rest_route=\/wp\/v2\/users\/1"}],"replies":[{"embeddable":true,"href":"https:\/\/fnews06.org\/index.php?rest_route=%2Fwp%2Fv2%2Fcomments&post=3989"}],"version-history":[{"count":1,"href":"https:\/\/fnews06.org\/index.php?rest_route=\/wp\/v2\/posts\/3989\/revisions"}],"predecessor-version":[{"id":3990,"href":"https:\/\/fnews06.org\/index.php?rest_route=\/wp\/v2\/posts\/3989\/revisions\/3990"}],"wp:attachment":[{"href":"https:\/\/fnews06.org\/index.php?rest_route=%2Fwp%2Fv2%2Fmedia&parent=3989"}],"wp:term":[{"taxonomy":"category","embeddable":true,"href":"https:\/\/fnews06.org\/index.php?rest_route=%2Fwp%2Fv2%2Fcategories&post=3989"},{"taxonomy":"post_tag","embeddable":true,"href":"https:\/\/fnews06.org\/index.php?rest_route=%2Fwp%2Fv2%2Ftags&post=3989"}],"curies":[{"name":"wp","href":"https:\/\/api.w.org\/{rel}","templated":true}]}}