{"id":3987,"date":"2026-04-26T21:16:41","date_gmt":"2026-04-26T21:16:41","guid":{"rendered":"https:\/\/fnews06.org\/?p=3987"},"modified":"2026-04-26T21:16:41","modified_gmt":"2026-04-26T21:16:41","slug":"a-do-te-kete-shtesa-per-sektorin-privat-tregon-ministri-murati","status":"publish","type":"post","link":"https:\/\/fnews06.org\/?p=3987","title":{"rendered":"A do t\u00eb ket\u00eb shtesa p\u00ebr sektorin privat, tregon Ministri Murati"},"content":{"rendered":"<header class=\"entry-header\">\n<div class=\"header-details-wrapper\">\n<div class=\"entry-header-details\">\n<h1 class=\"entry-title\"><\/h1>\n<\/div>\n<\/div>\n<div class=\"aft-post-thumbnail-wrapper\">\n<div class=\"post-thumbnail full-width-image\"><img loading=\"lazy\" decoding=\"async\" class=\"attachment-covernews-featured size-covernews-featured wp-post-image\" src=\"https:\/\/klikoketu.info\/wp-content\/uploads\/2026\/04\/hekuran-murati-1-1024x683.jpg\" sizes=\"auto, (max-width: 1024px) 100vw, 1024px\" srcset=\"https:\/\/klikoketu.info\/wp-content\/uploads\/2026\/04\/hekuran-murati-1-1024x683.jpg 1024w, https:\/\/klikoketu.info\/wp-content\/uploads\/2026\/04\/hekuran-murati-1-300x200.jpg 300w, https:\/\/klikoketu.info\/wp-content\/uploads\/2026\/04\/hekuran-murati-1-768x512.jpg 768w, https:\/\/klikoketu.info\/wp-content\/uploads\/2026\/04\/hekuran-murati-1-1536x1024.jpg 1536w, https:\/\/klikoketu.info\/wp-content\/uploads\/2026\/04\/hekuran-murati-1.jpg 2048w\" alt=\"hekuran-murati-1\" width=\"1024\" height=\"683\" \/><\/div>\n<\/div>\n<\/header>\n<div class=\"entry-content\">\n<p>Postimi i Muratit:<\/p>\n<div class=\"ai-viewport-1\" data-insertion-position=\"prepend\" data-selector=\".ai-insert-10-72851770\" data-insertion-no-dbg=\"\" data-code=\"PGRpdiBjbGFzcz0nY29kZS1ibG9jayBjb2RlLWJsb2NrLTEwJyBzdHlsZT0nbWFyZ2luOiA4cHggMDsgY2xlYXI6IGJvdGg7Jz4KPGRpdiBpZD0ibWJpbG9nb3BjIj4KICAgIDxzY3JpcHQgdHlwZT0idGV4dC9qYXZhc2NyaXB0Ij4KICAgICAgICB3aW5kb3cuQU5Db25maWcgPSB3aW5kb3cuQU5Db25maWcgfHwge307CiAgICAgICAgd2luZG93LkFOQ29uZmlnLnBsYWNlbWVudHMgPSB3aW5kb3cuQU5Db25maWcucGxhY2VtZW50cyB8fCBbXTsKCiAgICAgICAgd2luZG93LkFOQ29uZmlnLnBsYWNlbWVudHMucHVzaCh7CiAgICAgICAgICAgIGFkVW5pdElkOiAnbWJpbG9nb3BjJywKICAgICAgICAgICAgcHJvcGVydHlJZDogJzEwNDA3NycsCiAgICAgICAgICAgIHBsYWNlbWVudElkOiAnODQzMDg1JywKICAgICAgICAgICAgZGF0YTogewogICAgICAgICAgICB9LAogICAgICAgICAgICBvbkxvYWQ6IGZ1bmN0aW9uIChhZFVuaXRJZCkgewogICAgICAgICAgICAgICAgY29uc29sZS5sb2coJzEnLCBhZFVuaXRJZCk7CiAgICAgICAgICAgIH0sCiAgICAgICAgICAgIG9uRmFpbDogZnVuY3Rpb24gKGFkVW5pdElkKSB7CiAgICAgICAgICAgICAgICBjb25zb2xlLmxvZygnMCcsIGFkVW5pdElkKTsKICAgICAgICAgICAgICAgIC8vZmFsbGJhY2sgY29kZQogICAgICAgICAgICB9LAogICAgICAgIH0pOwoKICAgICAgICAoZnVuY3Rpb24gKCkgewogICAgICAgICAgICBpZiAoIWRvY3VtZW50LmdldEVsZW1lbnRCeUlkKCdhcC1qcycpKSB7CiAgICAgICAgICAgICAgICB2YXIgdmVyID0gbmV3IERhdGUoKS50b0lTT1N0cmluZygpLnNwbGl0KCc6JylbMF0ucmVwbGFjZSgvXEQvZywnJyk7CiAgICAgICAgICAgICAgICB2YXIgYXBqcyA9IGRvY3VtZW50LmNyZWF0ZUVsZW1lbnQoInNjcmlwdCIpOwogICAgICAgICAgICAgICAgYXBqcy50eXBlID0gInRleHQvamF2YXNjcmlwdCI7CiAgICAgICAgICAgICAgICBhcGpzLmFzeW5jID0gdHJ1ZTsKICAgICAgICAgICAgICAgIGFwanMuc2V0QXR0cmlidXRlKCdpZCcsICdhcC1qcycpOwogICAgICAgICAgICAgICAgYXBqcy5zcmMgPSAiaHR0cHM6Ly9jZW50cmFsLmdqaXJhZmEuY29tL2pzL2FwLWdqYW5vdXQuanM\/dj0iICsgdmVyOwogICAgICAgICAgICAgICAgZG9jdW1lbnQuaGVhZC5hcHBlbmQoYXBqcyk7CiAgICAgICAgICAgIH0KICAgICAgICB9KSgpOwogICAgIDwvc2NyaXB0Pgo8L2Rpdj48L2Rpdj4K\" data-block=\"10\">\n<div class=\"code-block code-block-10\">\n<div id=\"mbilogopc\"><\/div>\n<\/div>\n<\/div>\n<p>Mb\u00ebshtetjen p\u00ebr pun\u00ebtor\u00ebt e sektorit privat, p\u00ebr student\u00ebt, p\u00ebr pensionist\u00ebt, p\u00ebr f\u00ebmij\u00ebt e p\u00ebr t\u00eb gjitha familjet sot opozita refuzoi ta fuste n\u00eb rend dite p\u00ebr seanc\u00eb (p\u00ebr t\u00eb cil\u00ebn duhet votuar 2\/3 e deputet\u00ebve prezent\u00eb).<\/p>\n<p>E p\u00ebr m\u00eb tep\u00ebr, opozita refuzuan edhe trajtimin e Projektligjit p\u00ebr Parandalimin e Pastrimit t\u00eb Parave, ligj i cili kompleton pakon e ligjeve t\u00eb nevojshme p\u00ebr t\u2019u an\u00ebtar\u00ebsuar n\u00eb SEPA.<\/p>\n<div class=\"ai-viewport-1\" data-insertion-position=\"prepend\" data-selector=\".ai-insert-10-24562698\" data-insertion-no-dbg=\"\" data-code=\"PGRpdiBjbGFzcz0nY29kZS1ibG9jayBjb2RlLWJsb2NrLTEwJyBzdHlsZT0nbWFyZ2luOiA4cHggMDsgY2xlYXI6IGJvdGg7Jz4KPGRpdiBpZD0ibWJpbG9nb3BjIj4KICAgIDxzY3JpcHQgdHlwZT0idGV4dC9qYXZhc2NyaXB0Ij4KICAgICAgICB3aW5kb3cuQU5Db25maWcgPSB3aW5kb3cuQU5Db25maWcgfHwge307CiAgICAgICAgd2luZG93LkFOQ29uZmlnLnBsYWNlbWVudHMgPSB3aW5kb3cuQU5Db25maWcucGxhY2VtZW50cyB8fCBbXTsKCiAgICAgICAgd2luZG93LkFOQ29uZmlnLnBsYWNlbWVudHMucHVzaCh7CiAgICAgICAgICAgIGFkVW5pdElkOiAnbWJpbG9nb3BjJywKICAgICAgICAgICAgcHJvcGVydHlJZDogJzEwNDA3NycsCiAgICAgICAgICAgIHBsYWNlbWVudElkOiAnODQzMDg1JywKICAgICAgICAgICAgZGF0YTogewogICAgICAgICAgICB9LAogICAgICAgICAgICBvbkxvYWQ6IGZ1bmN0aW9uIChhZFVuaXRJZCkgewogICAgICAgICAgICAgICAgY29uc29sZS5sb2coJzEnLCBhZFVuaXRJZCk7CiAgICAgICAgICAgIH0sCiAgICAgICAgICAgIG9uRmFpbDogZnVuY3Rpb24gKGFkVW5pdElkKSB7CiAgICAgICAgICAgICAgICBjb25zb2xlLmxvZygnMCcsIGFkVW5pdElkKTsKICAgICAgICAgICAgICAgIC8vZmFsbGJhY2sgY29kZQogICAgICAgICAgICB9LAogICAgICAgIH0pOwoKICAgICAgICAoZnVuY3Rpb24gKCkgewogICAgICAgICAgICBpZiAoIWRvY3VtZW50LmdldEVsZW1lbnRCeUlkKCdhcC1qcycpKSB7CiAgICAgICAgICAgICAgICB2YXIgdmVyID0gbmV3IERhdGUoKS50b0lTT1N0cmluZygpLnNwbGl0KCc6JylbMF0ucmVwbGFjZSgvXEQvZywnJyk7CiAgICAgICAgICAgICAgICB2YXIgYXBqcyA9IGRvY3VtZW50LmNyZWF0ZUVsZW1lbnQoInNjcmlwdCIpOwogICAgICAgICAgICAgICAgYXBqcy50eXBlID0gInRleHQvamF2YXNjcmlwdCI7CiAgICAgICAgICAgICAgICBhcGpzLmFzeW5jID0gdHJ1ZTsKICAgICAgICAgICAgICAgIGFwanMuc2V0QXR0cmlidXRlKCdpZCcsICdhcC1qcycpOwogICAgICAgICAgICAgICAgYXBqcy5zcmMgPSAiaHR0cHM6Ly9jZW50cmFsLmdqaXJhZmEuY29tL2pzL2FwLWdqYW5vdXQuanM\/dj0iICsgdmVyOwogICAgICAgICAgICAgICAgZG9jdW1lbnQuaGVhZC5hcHBlbmQoYXBqcyk7CiAgICAgICAgICAgIH0KICAgICAgICB9KSgpOwogICAgIDwvc2NyaXB0Pgo8L2Rpdj48L2Rpdj4K\" data-block=\"10\">\n<div class=\"code-block code-block-10\">\n<div id=\"mbilogopc\"><\/div>\n<\/div>\n<\/div>\n<p>Sipas studimit t\u00eb German Economic Team, mbi 50 milion\u00eb euro n\u00eb vit do t\u00eb kurseheshin nga qytetaret dhe bizneset me an\u00ebtar\u00ebsim n\u00eb SEPA.<\/p>\n<\/div>\n","protected":false},"excerpt":{"rendered":"<p>Postimi i Muratit: Mb\u00ebshtetjen p\u00ebr pun\u00ebtor\u00ebt e sektorit privat, p\u00ebr student\u00ebt, p\u00ebr pensionist\u00ebt, p\u00ebr f\u00ebmij\u00ebt e p\u00ebr t\u00eb gjitha familjet sot opozita refuzoi ta fuste n\u00eb rend dite p\u00ebr seanc\u00eb (p\u00ebr t\u00eb cil\u00ebn duhet votuar 2\/3 e deputet\u00ebve prezent\u00eb). E p\u00ebr m\u00eb tep\u00ebr, opozita refuzuan edhe trajtimin e Projektligjit p\u00ebr Parandalimin e Pastrimit t\u00eb Parave, [&hellip;]<\/p>\n","protected":false},"author":1,"featured_media":0,"comment_status":"open","ping_status":"open","sticky":false,"template":"","format":"standard","meta":{"footnotes":""},"categories":[1],"tags":[],"class_list":["post-3987","post","type-post","status-publish","format-standard","hentry","category-uncategorized"],"_links":{"self":[{"href":"https:\/\/fnews06.org\/index.php?rest_route=\/wp\/v2\/posts\/3987","targetHints":{"allow":["GET"]}}],"collection":[{"href":"https:\/\/fnews06.org\/index.php?rest_route=\/wp\/v2\/posts"}],"about":[{"href":"https:\/\/fnews06.org\/index.php?rest_route=\/wp\/v2\/types\/post"}],"author":[{"embeddable":true,"href":"https:\/\/fnews06.org\/index.php?rest_route=\/wp\/v2\/users\/1"}],"replies":[{"embeddable":true,"href":"https:\/\/fnews06.org\/index.php?rest_route=%2Fwp%2Fv2%2Fcomments&post=3987"}],"version-history":[{"count":1,"href":"https:\/\/fnews06.org\/index.php?rest_route=\/wp\/v2\/posts\/3987\/revisions"}],"predecessor-version":[{"id":3988,"href":"https:\/\/fnews06.org\/index.php?rest_route=\/wp\/v2\/posts\/3987\/revisions\/3988"}],"wp:attachment":[{"href":"https:\/\/fnews06.org\/index.php?rest_route=%2Fwp%2Fv2%2Fmedia&parent=3987"}],"wp:term":[{"taxonomy":"category","embeddable":true,"href":"https:\/\/fnews06.org\/index.php?rest_route=%2Fwp%2Fv2%2Fcategories&post=3987"},{"taxonomy":"post_tag","embeddable":true,"href":"https:\/\/fnews06.org\/index.php?rest_route=%2Fwp%2Fv2%2Ftags&post=3987"}],"curies":[{"name":"wp","href":"https:\/\/api.w.org\/{rel}","templated":true}]}}