{"id":3983,"date":"2026-04-26T20:58:50","date_gmt":"2026-04-26T20:58:50","guid":{"rendered":"https:\/\/fnews06.org\/?p=3983"},"modified":"2026-04-26T20:58:50","modified_gmt":"2026-04-26T20:58:50","slug":"e-papritur-brikena-dhe-mateo-opinioniste-sdo-ta-besoni-ne-cilin-program-video","status":"publish","type":"post","link":"https:\/\/fnews06.org\/?p=3983","title":{"rendered":"E papritur: Brikena dhe Mateo opinionist\u00eb? S\u2019do ta besoni n\u00eb cilin program (VIDEO)"},"content":{"rendered":"<div class=\"the-post-header s-head-modern s-head-large\">\n<div class=\"post-meta post-meta-a post-meta-left post-meta-single has-below\">\n<h1 class=\"is-title post-title\"><\/h1>\n<div class=\"post-meta-items meta-below\"><\/div>\n<\/div>\n<\/div>\n<div class=\"ts-row\">\n<div class=\"col-8 main-content s-post-contain\">\n<div class=\"single-featured\">\n<div class=\"featured\">\n<figure class=\"image-link media-ratio ar-bunyad-main-full\"><img loading=\"lazy\" decoding=\"async\" class=\"attachment-bunyad-main-full size-bunyad-main-full no-lazy skip-lazy wp-post-image\" title=\"E papritur: Brikena dhe Mateo opinionist\u00eb? S\u2019do ta besoni n\u00eb cilin program (VIDEO)\" src=\"https:\/\/cookiy.net\/wp\/wp-content\/uploads\/2026\/04\/img_6515.jpg\" sizes=\"auto, (max-width: 1200px) 100vw, 1200px\" alt=\"\" width=\"1200\" height=\"574\" \/><\/figure>\n<div class=\"wp-caption-text\"><\/div>\n<\/div>\n<\/div>\n<div class=\"the-post s-post-large\">\n<article id=\"post-4770\" class=\"post-4770 post type-post status-publish format-standard has-post-thumbnail category-uncategorized\">\n<div class=\"post-content-wrap\">\n<div class=\"post-content cf entry-content content-normal\">\n<p class=\"p1\">Nj\u00eb lajm q\u00eb ka nisur t\u00eb qarkulloj\u00eb n\u00eb rrjetet sociale ka ngritur shum\u00eb pik\u00ebpyetje p\u00ebr t\u00eb ardhmen televizive t\u00eb Briken\u00ebs dhe Mateos pas Big Brother VIP Albania.<\/p>\n<p class=\"p1\">Sipas diskutimeve t\u00eb b\u00ebra n\u00eb emisionin E Diell n\u00eb Top Channel, \u00ebsht\u00eb hedhur ideja q\u00eb dyshja mund t\u00eb jen\u00eb pjes\u00eb e sezonit t\u00eb ri t\u00eb \u201cP\u00ebr\u2019puthen\u201d si opinionist\u00eb.<\/p>\n<div class=\"a-wrap a-wrap-base a-wrap-8 alignwide\"><ins class=\"adsbygoogle\" data-ad-client=\"ca-pub-7442715304260102\" data-ad-slot=\"3878896251\" data-ad-format=\"auto\" data-full-width-responsive=\"true\" data-adsbygoogle-status=\"done\" data-ad-status=\"filled\"><\/p>\n<div id=\"aswift_1_host\"><\/div>\n<p><\/ins><\/div>\n<p class=\"p1\">Megjithat\u00eb, kjo mbetet vet\u00ebm n\u00eb kuad\u00ebr diskutimesh dhe nuk ka asnj\u00eb konfirmim zyrtar deri n\u00eb k\u00ebto momente.<\/p>\n<p class=\"p1\">Gjat\u00eb emisionit, u theksua gjithashtu se Brikena dhe Mateo nuk jan\u00eb ende n\u00eb nj\u00eb faz\u00eb t\u00eb konsoliduar si \u00e7ift p\u00ebr t\u00eb qen\u00eb bashk\u00eb n\u00eb nj\u00eb format t\u00eb till\u00eb, \u00e7ka shton edhe m\u00eb shum\u00eb pik\u00ebpyetjet mbi k\u00ebt\u00eb mund\u00ebsi.<\/p>\n<p class=\"p1\">P\u00ebr momentin, gjith\u00e7ka mbetet n\u00eb nivel aludimesh dhe ideje televizive, nd\u00ebrsa pritet t\u00eb shihet n\u00ebse do t\u00eb ket\u00eb ndonj\u00eb zhvillim konkret n\u00eb dit\u00ebt n\u00eb vijim.<\/p>\n<p>&nbsp;<\/p>\n<blockquote id=\"v34919317117444804\" class=\"tiktok-embed\" cite=\"https:\/\/www.tiktok.com\/@topchanneltvalbania\/video\/7633121346955775253\" data-video-id=\"7633121346955775253\" data-embed-from=\"oembed\"><p><iframe src=\"https:\/\/www.tiktok.com\/embed\/v2\/7633121346955775253?lang=en-US&amp;referrer=https%3A%2F%2Fcookiy.net%2Fwp%2Fe-papritur-brikena-dhe-mateo-opinioniste-sdo-ta-besoni-ne-cilin-program-video%2F%3Ffbclid%3DIwY2xjawRbW7RleHRuA2FlbQIxMABicmlkETFUSGw0QmlvQ1ZwbDN4bnhvc3J0YwZhcHBfaWQQMjIyMDM5MTc4ODIwMDg5MgABHtidY88G9D22R0jP71xe42NDrnHgzJZF-bJfODJpVteXOjb_wLQyNgQb_LFV_aem_wzp7qENNZQ2DJ0iKOrwhnA&amp;embedFrom=oembed\" name=\"__tt_embed__v34919317117444804\" sandbox=\"allow-popups allow-popups-to-escape-sandbox allow-scripts allow-top-navigation allow-same-origin\" data-mce-fragment=\"1\"><\/iframe><\/p><\/blockquote>\n<p>&nbsp;<\/p>\n<p>&nbsp;<\/p>\n<div class=\"a-wrap a-wrap-base a-wrap-6\"><\/div>\n<\/div>\n<\/div>\n<\/article>\n<\/div>\n<\/div>\n<\/div>\n","protected":false},"excerpt":{"rendered":"<p>Nj\u00eb lajm q\u00eb ka nisur t\u00eb qarkulloj\u00eb n\u00eb rrjetet sociale ka ngritur shum\u00eb pik\u00ebpyetje p\u00ebr t\u00eb ardhmen televizive t\u00eb Briken\u00ebs dhe Mateos pas Big Brother VIP Albania. Sipas diskutimeve t\u00eb b\u00ebra n\u00eb emisionin E Diell n\u00eb Top Channel, \u00ebsht\u00eb hedhur ideja q\u00eb dyshja mund t\u00eb jen\u00eb pjes\u00eb e sezonit t\u00eb ri t\u00eb \u201cP\u00ebr\u2019puthen\u201d si opinionist\u00eb. [&hellip;]<\/p>\n","protected":false},"author":1,"featured_media":0,"comment_status":"open","ping_status":"open","sticky":false,"template":"","format":"standard","meta":{"footnotes":""},"categories":[1],"tags":[],"class_list":["post-3983","post","type-post","status-publish","format-standard","hentry","category-uncategorized"],"_links":{"self":[{"href":"https:\/\/fnews06.org\/index.php?rest_route=\/wp\/v2\/posts\/3983","targetHints":{"allow":["GET"]}}],"collection":[{"href":"https:\/\/fnews06.org\/index.php?rest_route=\/wp\/v2\/posts"}],"about":[{"href":"https:\/\/fnews06.org\/index.php?rest_route=\/wp\/v2\/types\/post"}],"author":[{"embeddable":true,"href":"https:\/\/fnews06.org\/index.php?rest_route=\/wp\/v2\/users\/1"}],"replies":[{"embeddable":true,"href":"https:\/\/fnews06.org\/index.php?rest_route=%2Fwp%2Fv2%2Fcomments&post=3983"}],"version-history":[{"count":1,"href":"https:\/\/fnews06.org\/index.php?rest_route=\/wp\/v2\/posts\/3983\/revisions"}],"predecessor-version":[{"id":3986,"href":"https:\/\/fnews06.org\/index.php?rest_route=\/wp\/v2\/posts\/3983\/revisions\/3986"}],"wp:attachment":[{"href":"https:\/\/fnews06.org\/index.php?rest_route=%2Fwp%2Fv2%2Fmedia&parent=3983"}],"wp:term":[{"taxonomy":"category","embeddable":true,"href":"https:\/\/fnews06.org\/index.php?rest_route=%2Fwp%2Fv2%2Fcategories&post=3983"},{"taxonomy":"post_tag","embeddable":true,"href":"https:\/\/fnews06.org\/index.php?rest_route=%2Fwp%2Fv2%2Ftags&post=3983"}],"curies":[{"name":"wp","href":"https:\/\/api.w.org\/{rel}","templated":true}]}}