{"id":3979,"date":"2026-04-26T17:22:01","date_gmt":"2026-04-26T17:22:01","guid":{"rendered":"https:\/\/fnews06.org\/?p=3979"},"modified":"2026-04-26T17:22:01","modified_gmt":"2026-04-26T17:22:01","slug":"pas-disa-dite-te-zhdukur-mateo-dhe-brikena-jepin-lajmin-e-madh","status":"publish","type":"post","link":"https:\/\/fnews06.org\/?p=3979","title":{"rendered":"Pas disa dit\u00eb t\u00eb \u2018zhdukur\u2019, Mateo dhe Brikena jepin lajmin e madh"},"content":{"rendered":"<h1>Pas disa dit\u00eb t\u00eb \u2018zhdukur\u2019, Mateo dhe Brikena jepin lajmin e madh<\/h1>\n<div class=\"data\"><\/div>\n<div class=\"wideAD\"><\/div>\n<div class=\"pastro\"><\/div>\n<div class=\"foto magazina1\"><img loading=\"lazy\" decoding=\"async\" class=\"attachment-post-thumbnail size-post-thumbnail wp-post-image\" src=\"https:\/\/orainfo.net\/wp-content\/uploads\/2026\/04\/mateo1-1.png\" sizes=\"auto, (max-width: 856px) 100vw, 856px\" srcset=\"https:\/\/orainfo.net\/wp-content\/uploads\/2026\/04\/mateo1-1.png 856w, https:\/\/orainfo.net\/wp-content\/uploads\/2026\/04\/mateo1-1-300x227.png 300w, https:\/\/orainfo.net\/wp-content\/uploads\/2026\/04\/mateo1-1-768x580.png 768w, https:\/\/orainfo.net\/wp-content\/uploads\/2026\/04\/mateo1-1-490x370.png 490w, https:\/\/orainfo.net\/wp-content\/uploads\/2026\/04\/mateo1-1-193x146.png 193w\" alt=\"\" width=\"856\" height=\"647\" \/><\/div>\n<div class=\"fotoilustrim-desktop\"><\/div>\n<div class=\"reklama_stand1\"><\/div>\n<div class=\"left-side\">\n<div id=\"div-gpt-ad-1684843226999-0\"><\/div>\n<p>U \u201cmartuan\u201d n\u00eb BBVA, Mateo dhe Brikena ende s\u2019i kan\u00eb hequr unazat<\/p>\n<p>Brikena dhe Mateo i than\u00eb \u201cPo\u201d nj\u00ebri-tjetrit, n\u00eb altarin e Big Brother VIP Albania.<\/p>\n<p><center><\/p>\n<div id=\"125218-2\">\n<div id=\"sas_26300\"><\/div>\n<\/div>\n<p><\/center><\/p>\n<div><\/div>\n<p>\u00c7ifti, ashtu si\u00e7 e do tradita e \u00e7do edicioni t\u00eb k\u00ebtij reality-show, b\u00ebri dasm\u00eb dhe k\u00ebmbeu unaza, shkruan IndeksOnline.<\/p>\n<p>Por, edhe pas daljes nga sht\u00ebpia, ata nuk po i heqin unazat q\u00eb i v\u00ebn\u00eb nj\u00ebri-tjetrit.<\/p>\n<p><center><\/p>\n<div id=\"125218-28\">\n<div id=\"sas_30012\"><\/div>\n<\/div>\n<p><\/center><img loading=\"lazy\" decoding=\"async\" class=\"alignnone size-full wp-image-841211\" src=\"https:\/\/orainfo.net\/wp-content\/uploads\/2026\/04\/Mb668.jpg\" sizes=\"auto, (max-width: 1024px) 100vw, 1024px\" srcset=\"https:\/\/orainfo.net\/wp-content\/uploads\/2026\/04\/Mb668.jpg 1024w, https:\/\/orainfo.net\/wp-content\/uploads\/2026\/04\/Mb668-300x201.jpg 300w, https:\/\/orainfo.net\/wp-content\/uploads\/2026\/04\/Mb668-768x515.jpg 768w, https:\/\/orainfo.net\/wp-content\/uploads\/2026\/04\/Mb668-218x146.jpg 218w\" alt=\"\" width=\"1024\" height=\"686\" \/><\/p>\n<p>Mateo ka postuar nj\u00eb fotografi duke i mbajtur dor\u00ebn Briken\u00ebs, teksa v\u00ebmendjen e marrin unazat.<\/p>\n<p><center><\/p>\n<div id=\"125218-19\">\n<div id=\"sas_26711\"><\/div>\n<\/div>\n<p><\/center><img loading=\"lazy\" decoding=\"async\" class=\"alignnone size-large wp-image-841210\" src=\"https:\/\/orainfo.net\/wp-content\/uploads\/2026\/04\/Bis-637x1024.jpg\" sizes=\"auto, (max-width: 637px) 100vw, 637px\" srcset=\"https:\/\/orainfo.net\/wp-content\/uploads\/2026\/04\/Bis-637x1024.jpg 637w, https:\/\/orainfo.net\/wp-content\/uploads\/2026\/04\/Bis-187x300.jpg 187w, https:\/\/orainfo.net\/wp-content\/uploads\/2026\/04\/Bis-768x1234.jpg 768w, https:\/\/orainfo.net\/wp-content\/uploads\/2026\/04\/Bis-956x1536.jpg 956w, https:\/\/orainfo.net\/wp-content\/uploads\/2026\/04\/Bis-91x146.jpg 91w, https:\/\/orainfo.net\/wp-content\/uploads\/2026\/04\/Bis.jpg 1080w\" alt=\"\" width=\"637\" height=\"1024\" \/><\/p>\n<p>Lidhja e tyre jasht\u00eb sht\u00ebpis\u00eb po karakterizohet me shum\u00eb momente bashk\u00eb, duke e mos e ndjer\u00eb fare distanc\u00ebn n\u00eb kilometra, nga Kosova n\u00eb Shqip\u00ebri.<\/p>\n<p><iframe loading=\"lazy\" src=\"https:\/\/video.gjirafa.com\/embed\/mb\/\" width=\"100%\" height=\"300\" data-mce-fragment=\"1\"><\/iframe><\/div>\n","protected":false},"excerpt":{"rendered":"<p>Pas disa dit\u00eb t\u00eb \u2018zhdukur\u2019, Mateo dhe Brikena jepin lajmin e madh U \u201cmartuan\u201d n\u00eb BBVA, Mateo dhe Brikena ende s\u2019i kan\u00eb hequr unazat Brikena dhe Mateo i than\u00eb \u201cPo\u201d nj\u00ebri-tjetrit, n\u00eb altarin e Big Brother VIP Albania. \u00c7ifti, ashtu si\u00e7 e do tradita e \u00e7do edicioni t\u00eb k\u00ebtij reality-show, b\u00ebri dasm\u00eb dhe k\u00ebmbeu unaza, [&hellip;]<\/p>\n","protected":false},"author":1,"featured_media":0,"comment_status":"open","ping_status":"open","sticky":false,"template":"","format":"standard","meta":{"footnotes":""},"categories":[1],"tags":[],"class_list":["post-3979","post","type-post","status-publish","format-standard","hentry","category-uncategorized"],"_links":{"self":[{"href":"https:\/\/fnews06.org\/index.php?rest_route=\/wp\/v2\/posts\/3979","targetHints":{"allow":["GET"]}}],"collection":[{"href":"https:\/\/fnews06.org\/index.php?rest_route=\/wp\/v2\/posts"}],"about":[{"href":"https:\/\/fnews06.org\/index.php?rest_route=\/wp\/v2\/types\/post"}],"author":[{"embeddable":true,"href":"https:\/\/fnews06.org\/index.php?rest_route=\/wp\/v2\/users\/1"}],"replies":[{"embeddable":true,"href":"https:\/\/fnews06.org\/index.php?rest_route=%2Fwp%2Fv2%2Fcomments&post=3979"}],"version-history":[{"count":1,"href":"https:\/\/fnews06.org\/index.php?rest_route=\/wp\/v2\/posts\/3979\/revisions"}],"predecessor-version":[{"id":3980,"href":"https:\/\/fnews06.org\/index.php?rest_route=\/wp\/v2\/posts\/3979\/revisions\/3980"}],"wp:attachment":[{"href":"https:\/\/fnews06.org\/index.php?rest_route=%2Fwp%2Fv2%2Fmedia&parent=3979"}],"wp:term":[{"taxonomy":"category","embeddable":true,"href":"https:\/\/fnews06.org\/index.php?rest_route=%2Fwp%2Fv2%2Fcategories&post=3979"},{"taxonomy":"post_tag","embeddable":true,"href":"https:\/\/fnews06.org\/index.php?rest_route=%2Fwp%2Fv2%2Ftags&post=3979"}],"curies":[{"name":"wp","href":"https:\/\/api.w.org\/{rel}","templated":true}]}}