{"id":3977,"date":"2026-04-26T16:34:07","date_gmt":"2026-04-26T16:34:07","guid":{"rendered":"https:\/\/fnews06.org\/?p=3977"},"modified":"2026-04-26T16:34:07","modified_gmt":"2026-04-26T16:34:07","slug":"cfare-ndodhi-bashkeshortja-e-mirit-ben-veprimin-e-papritur-ndaj-mirit-foto","status":"publish","type":"post","link":"https:\/\/fnews06.org\/?p=3977","title":{"rendered":"\u00c7far\u00eb ndodhi? Bashk\u00ebshortja e Mirit b\u00ebn veprimin e papritur ndaj Mirit (FOTO)"},"content":{"rendered":"<div class=\"the-post-header s-head-modern s-head-large\">\n<div class=\"post-meta post-meta-a post-meta-left post-meta-single has-below\">\n<h1 class=\"is-title post-title\">\u00c7far\u00eb ndodhi? Bashk\u00ebshortja e Mirit b\u00ebn veprimin e papritur ndaj Mirit (FOTO)<\/h1>\n<div class=\"post-meta-items meta-below\"><\/div>\n<\/div>\n<\/div>\n<div class=\"ts-row\">\n<div class=\"col-8 main-content s-post-contain\">\n<div class=\"single-featured\">\n<div class=\"featured\">\n<figure class=\"image-link media-ratio ar-bunyad-main-full\"><img loading=\"lazy\" decoding=\"async\" class=\"attachment-bunyad-main-full size-bunyad-main-full no-lazy skip-lazy wp-post-image\" title=\"\u00c7far\u00eb ndodhi? Bashk\u00ebshortja e Mirit b\u00ebn veprimin e papritur ndaj Mirit (FOTO)\" src=\"https:\/\/cookiy.net\/wp\/wp-content\/uploads\/2026\/04\/img_6505.png\" sizes=\"auto, (max-width: 1200px) 100vw, 1200px\" alt=\"\" width=\"1200\" height=\"574\" \/><\/figure>\n<\/div>\n<\/div>\n<div class=\"the-post s-post-large\">\n<article id=\"post-4768\" class=\"post-4768 post type-post status-publish format-standard has-post-thumbnail category-uncategorized\">\n<div class=\"post-content-wrap\">\n<div class=\"post-content cf entry-content content-normal\">\n<p class=\"p1\">Aludimet p\u00ebr nj\u00eb krisje n\u00eb martes\u00ebn e Armir Shahinit pas daljes nga Big Brother VIP Albania duket se nuk kan\u00eb qen\u00eb gj\u00eb tjet\u00ebr ve\u00e7se spekulime.<\/p>\n<p class=\"p1\">Artistit i njohur i West Side Family dhe bashk\u00ebshortja e tij, Rabea, kan\u00eb zgjedhur nj\u00eb m\u00ebnyr\u00eb t\u00eb qet\u00eb p\u00ebr t\u2019i dh\u00ebn\u00eb fund z\u00ebrave.<\/p>\n<div class=\"a-wrap a-wrap-base a-wrap-8 alignwide\"><ins class=\"adsbygoogle\" data-ad-client=\"ca-pub-7442715304260102\" data-ad-slot=\"3878896251\" data-ad-format=\"auto\" data-full-width-responsive=\"true\" data-adsbygoogle-status=\"done\" data-ad-status=\"filled\"><\/p>\n<div id=\"aswift_1_host\">S\u00eb fundmi, Rabea ka udh\u00ebtuar drejt Shqip\u00ebris\u00eb p\u00ebr t\u00eb qen\u00eb pran\u00eb tij, duke treguar qart\u00eb se marr\u00ebdh\u00ebnia e tyre mbetet e fort\u00eb.<\/div>\n<p><\/ins><\/div>\n<p class=\"p1\">Ajo ka ndar\u00eb n\u00eb Instagram nj\u00eb foto krah Mirit, ku t\u00eb dy shfaqen t\u00eb buz\u00ebqeshur dhe t\u00eb relaksuar, duke shuar \u00e7do dyshim.<\/p>\n<div class=\"google-auto-placed ap_container\"><ins class=\"adsbygoogle adsbygoogle-noablate\" data-ad-format=\"auto\" data-ad-client=\"ca-pub-7442715304260102\" data-adsbygoogle-status=\"done\" data-ad-status=\"filled\"><\/p>\n<div id=\"aswift_3_host\">\u201cJu p\u00ebrsh\u00ebndesim \u2764\ufe0f\u201d \u2013 shkruan ajo, nd\u00ebrsa n\u00eb sfond d\u00ebgjohet k\u00ebnga e njohur e grupit \u201cN\u00eb krah\u00ebt e tua do jem\u201d, nj\u00eb detaj q\u00eb fansat e interpretuan si nj\u00eb mesazh t\u00eb qart\u00eb p\u00ebr lidhjen e tyre.<\/div>\n<p><\/ins><\/div>\n<p class=\"p1\">Ky reagim vjen pas komenteve p\u00ebr nj\u00eb \u201cftoht\u00ebsi\u201d t\u00eb perceptuar gjat\u00eb finales, t\u00eb cilat vet\u00eb Miri i kishte hedhur posht\u00eb, duke sqaruar se mungesa e bashk\u00ebshortes lidhej vet\u00ebm me angazhimet e saj n\u00eb Gjermani.<\/p>\n<div class=\"google-auto-placed ap_container\"><ins class=\"adsbygoogle adsbygoogle-noablate\" data-ad-format=\"auto\" data-ad-client=\"ca-pub-7442715304260102\" data-adsbygoogle-status=\"done\" data-ad-status=\"filled\"><\/p>\n<div id=\"aswift_4_host\">Tashm\u00eb, me k\u00ebt\u00eb takim n\u00eb Tiran\u00eb, \u00e7ifti duket se ka l\u00ebn\u00eb pas \u00e7do zhurm\u00eb dhe po shijon koh\u00ebn s\u00eb bashku.<\/div>\n<p><\/ins><\/div>\n<figure class=\"wp-block-image size-large\"><\/figure>\n<p>&nbsp;<\/p>\n<div class=\"a-wrap a-wrap-base a-wrap-6\"><\/div>\n<\/div>\n<\/div>\n<\/article>\n<\/div>\n<\/div>\n<\/div>\n","protected":false},"excerpt":{"rendered":"<p>\u00c7far\u00eb ndodhi? Bashk\u00ebshortja e Mirit b\u00ebn veprimin e papritur ndaj Mirit (FOTO) Aludimet p\u00ebr nj\u00eb krisje n\u00eb martes\u00ebn e Armir Shahinit pas daljes nga Big Brother VIP Albania duket se nuk kan\u00eb qen\u00eb gj\u00eb tjet\u00ebr ve\u00e7se spekulime. Artistit i njohur i West Side Family dhe bashk\u00ebshortja e tij, Rabea, kan\u00eb zgjedhur nj\u00eb m\u00ebnyr\u00eb t\u00eb qet\u00eb [&hellip;]<\/p>\n","protected":false},"author":1,"featured_media":0,"comment_status":"open","ping_status":"open","sticky":false,"template":"","format":"standard","meta":{"footnotes":""},"categories":[1],"tags":[],"class_list":["post-3977","post","type-post","status-publish","format-standard","hentry","category-uncategorized"],"_links":{"self":[{"href":"https:\/\/fnews06.org\/index.php?rest_route=\/wp\/v2\/posts\/3977","targetHints":{"allow":["GET"]}}],"collection":[{"href":"https:\/\/fnews06.org\/index.php?rest_route=\/wp\/v2\/posts"}],"about":[{"href":"https:\/\/fnews06.org\/index.php?rest_route=\/wp\/v2\/types\/post"}],"author":[{"embeddable":true,"href":"https:\/\/fnews06.org\/index.php?rest_route=\/wp\/v2\/users\/1"}],"replies":[{"embeddable":true,"href":"https:\/\/fnews06.org\/index.php?rest_route=%2Fwp%2Fv2%2Fcomments&post=3977"}],"version-history":[{"count":1,"href":"https:\/\/fnews06.org\/index.php?rest_route=\/wp\/v2\/posts\/3977\/revisions"}],"predecessor-version":[{"id":3978,"href":"https:\/\/fnews06.org\/index.php?rest_route=\/wp\/v2\/posts\/3977\/revisions\/3978"}],"wp:attachment":[{"href":"https:\/\/fnews06.org\/index.php?rest_route=%2Fwp%2Fv2%2Fmedia&parent=3977"}],"wp:term":[{"taxonomy":"category","embeddable":true,"href":"https:\/\/fnews06.org\/index.php?rest_route=%2Fwp%2Fv2%2Fcategories&post=3977"},{"taxonomy":"post_tag","embeddable":true,"href":"https:\/\/fnews06.org\/index.php?rest_route=%2Fwp%2Fv2%2Ftags&post=3977"}],"curies":[{"name":"wp","href":"https:\/\/api.w.org\/{rel}","templated":true}]}}